{"events":[{"id":717,"global_id":"schloss-bevern.de?id=717","global_id_lineage":["schloss-bevern.de?id=717"],"author":"1","status":"publish","date":"2025-04-09 11:11:17","date_utc":"2025-04-09 09:11:17","modified":"2026-04-22 10:13:17","modified_utc":"2026-04-22 08:13:17","url":"https:\/\/schloss-bevern.de\/?tribe_events=hochstift-musikanten","rest_url":"https:\/\/schloss-bevern.de\/index.php?rest_route=\/tribe\/events\/v1\/events\/717","title":"Hochstift Musikanten","description":"<div class=\"event_details\">\n<div class=\"field_line\">\n<div class=\"field_value\">\n<h3><span style=\"color: #9d113b; font-size: 28px;\">Open Air im Schlossinnenhof<\/span><\/h3>\n<h3><span style=\"font-family: garamond-lt-regular; font-size: 16px;\"><img loading=\"lazy\" decoding=\"async\" class=\"size-medium wp-image-877 alignleft\" src=\"https:\/\/schloss-bevern.de\/wp-content\/uploads\/Hochstift-Musikanten2-225x300.jpeg\" alt=\"\" width=\"225\" height=\"300\" srcset=\"https:\/\/schloss-bevern.de\/wp-content\/uploads\/Hochstift-Musikanten2-225x300.jpeg 225w, https:\/\/schloss-bevern.de\/wp-content\/uploads\/Hochstift-Musikanten2-768x1024.jpeg 768w, https:\/\/schloss-bevern.de\/wp-content\/uploads\/Hochstift-Musikanten2-113x150.jpeg 113w, https:\/\/schloss-bevern.de\/wp-content\/uploads\/Hochstift-Musikanten2-1152x1536.jpeg 1152w, https:\/\/schloss-bevern.de\/wp-content\/uploads\/Hochstift-Musikanten2.jpeg 1536w\" sizes=\"auto, (max-width: 225px) 100vw, 225px\" \/><\/span><\/h3>\n<p>&nbsp;<\/p>\n<p><span style=\"font-family: garamond-lt-regular; font-size: 18px;\">Die Hochstiftmusikanten, das sind sieben Musiker aus dem Hochstift Paderborn, die sich im Jahr 2020 zu einer Band zusammengefunden haben, um ihre Freude am Blech und ihre Lust, verschiedene Genres zu mischen, kreativ auf die B\u00fchnen zu bringen. Die Blasmusiker haben 2022 an der Europameisterschaft der b\u00f6hmisch-m\u00e4hrischen Blasmusik in L\u00fcchtringen teilgenommen, wo sie auf Anhieb Europameister in der Mittelstufe wurden. Seitdem ist diese \u201ekleine Egerl\u00e4nderbesetzung\u201c bei vielen Festen, Veranstaltungen und Konzerten in der Region ein Garant f\u00fcr gute Stimmung und Blasmusik \u201evom Feinsten und Kleinsten\u201c.<\/span><\/p>\n<ul>\n<li><span style=\"font-family: garamond-lt-regular; font-size: 18px;\">Der <b>Eintrittspreis<\/b>\u00a0betr\u00e4gt 20 \u20ac, erm\u00e4\u00dfigt 17 \u20ac f\u00fcr Mitglieder, Sch\u00fcler, Studenten und Auszubildende. Kartenreservierungen sind unter\u00a0<a>kontakt@schlossfreunde-bevern.de\u00a0<\/a>m\u00f6glich. Weitere Verkaufsstellen entnehmen Sie bitte den Pressemitteilungen.<\/span><\/li>\n<\/ul>\n<\/div>\n<\/div>\n<\/div>","excerpt":"","slug":"hochstift-musikanten","image":false,"all_day":false,"start_date":"2026-05-31 11:00:00","start_date_details":{"year":"2026","month":"05","day":"31","hour":"11","minutes":"00","seconds":"00"},"end_date":"2026-05-31 11:00:00","end_date_details":{"year":"2026","month":"05","day":"31","hour":"11","minutes":"00","seconds":"00"},"utc_start_date":"2026-05-31 09:00:00","utc_start_date_details":{"year":"2026","month":"05","day":"31","hour":"09","minutes":"00","seconds":"00"},"utc_end_date":"2026-05-31 09:00:00","utc_end_date_details":{"year":"2026","month":"05","day":"31","hour":"09","minutes":"00","seconds":"00"},"timezone":"Europe\/Berlin","timezone_abbr":"CEST","cost":"17\u20ac \u2013 20\u20ac","cost_details":{"currency_symbol":"\u20ac","currency_code":"EUR","currency_position":"suffix","values":["17","20"]},"website":"","show_map":false,"show_map_link":false,"hide_from_listings":false,"sticky":false,"featured":false,"categories":[{"name":"Konzert","slug":"konzert","term_group":0,"term_taxonomy_id":12,"taxonomy":"tribe_events_cat","description":"","parent":0,"count":21,"filter":"raw","id":12,"urls":{"self":"https:\/\/schloss-bevern.de\/index.php?rest_route=\/tribe\/events\/v1\/categories\/12","collection":"https:\/\/schloss-bevern.de\/index.php?rest_route=\/tribe\/events\/v1\/categories"}}],"tags":[],"venue":{"id":718,"author":"1","status":"publish","date":"2025-04-09 11:11:17","date_utc":"2025-04-09 09:11:17","modified":"2026-01-30 10:46:46","modified_utc":"2026-01-30 09:46:46","url":"https:\/\/schloss-bevern.de\/?tribe_venue=schlossinnenhof","venue":"Schlossinnenhof","slug":"schlossinnenhof","show_map":false,"show_map_link":true,"global_id":"schloss-bevern.de?id=718","global_id_lineage":["schloss-bevern.de?id=718"]},"organizer":[{"id":594,"author":"1","status":"publish","date":"2025-04-02 09:22:31","date_utc":"2025-04-02 07:22:31","modified":"2025-04-02 09:22:31","modified_utc":"2025-04-02 07:22:31","url":"https:\/\/schloss-bevern.de\/?tribe_organizer=freundeskreis-schloss-bevern-e-v","organizer":"Freundeskreis Schloss Bevern e.V.","slug":"freundeskreis-schloss-bevern-e-v","global_id":"schloss-bevern.de?id=594","global_id_lineage":["schloss-bevern.de?id=594"]}],"custom_fields":[]},{"id":735,"global_id":"schloss-bevern.de?id=735","global_id_lineage":["schloss-bevern.de?id=735"],"author":"1","status":"publish","date":"2025-04-09 11:26:03","date_utc":"2025-04-09 09:26:03","modified":"2026-02-03 11:09:18","modified_utc":"2026-02-03 10:09:18","url":"https:\/\/schloss-bevern.de\/?tribe_events=classic-brass","rest_url":"https:\/\/schloss-bevern.de\/index.php?rest_route=\/tribe\/events\/v1\/events\/735","title":"Classic Brass","description":"<div class=\"event_details\">\n<div class=\"field_line\">\n<div class=\"field_value\">\n<h2><span style=\"color: #9d113b; font-family: garamond-lt-regular; font-size: 28px;\">Open Air im Schlossinnenhof<\/span><\/h2>\n<p><span style=\"font-family: garamond-lt-regular; font-size: 18px;\"><img loading=\"lazy\" decoding=\"async\" class=\"size-medium wp-image-966 alignleft\" src=\"https:\/\/schloss-bevern.de\/wp-content\/uploads\/2025_ClassicBrass_I-300x201.jpg\" alt=\"\" width=\"300\" height=\"201\" srcset=\"https:\/\/schloss-bevern.de\/wp-content\/uploads\/2025_ClassicBrass_I-300x201.jpg 300w, https:\/\/schloss-bevern.de\/wp-content\/uploads\/2025_ClassicBrass_I-1024x687.jpg 1024w, https:\/\/schloss-bevern.de\/wp-content\/uploads\/2025_ClassicBrass_I-150x101.jpg 150w, https:\/\/schloss-bevern.de\/wp-content\/uploads\/2025_ClassicBrass_I-768x515.jpg 768w, https:\/\/schloss-bevern.de\/wp-content\/uploads\/2025_ClassicBrass_I-1536x1030.jpg 1536w, https:\/\/schloss-bevern.de\/wp-content\/uploads\/2025_ClassicBrass_I-2048x1374.jpg 2048w, https:\/\/schloss-bevern.de\/wp-content\/uploads\/2025_ClassicBrass_I-272x182.jpg 272w\" sizes=\"auto, (max-width: 300px) 100vw, 300px\" \/><\/span><\/p>\n<p><span style=\"font-family: garamond-lt-regular; font-size: 18px;\">Die Konzerte im Schloss Bevern bilden regelm\u00e4\u00dfig den Abschluss der Tournee von CLASSIC BRASS und den H\u00f6hepunkt der musikalischen Open-Air-Saison im Schloss. In diesem Jahr pr\u00e4sentiert das Quintett mit \u201eKlanggeschichten\u201c eine faszinierende Konzertreise von den kunstvollen Formen des Barock bis hin zu klanggewaltigen Werken der Moderne. Jedes St\u00fcck erz\u00e4hlt seine eigene Geschichte \u2013 feierlich, t\u00e4nzerisch, nachdenklich. In meisterhaftem Blechbl\u00e4serklang entfalten sich Musik und Emotion \u00fcber Zeiten und Stile hinweg. Die Musik macht die Vergangenheit lebendig und gestaltet die Gegenwart; sie erz\u00e4hlt Geschichten, die keine Worte brauchen.<\/span><\/p>\n<p><span style=\"font-family: garamond-lt-regular; font-size: 18px;\">Der <b>Eintrittspreis<\/b>\u00a0betr\u00e4gt 20 \u20ac, erm\u00e4\u00dfigt 17 \u20ac f\u00fcr Mitglieder, Sch\u00fcler, Studenten und Auszubildende. Kartenreservierungen sind unter\u00a0<a>kontakt@schlossfreunde-bevern.de\u00a0<\/a>m\u00f6glich. Weitere Verkaufsstellen entnehmen Sie bitte den Pressemitteilungen.<\/span><\/p>\n<p>&nbsp;<\/p>\n<p>&nbsp;<\/p>\n<\/div>\n<\/div>\n<\/div>","excerpt":"","slug":"classic-brass","image":false,"all_day":false,"start_date":"2026-07-26 17:00:00","start_date_details":{"year":"2026","month":"07","day":"26","hour":"17","minutes":"00","seconds":"00"},"end_date":"2026-07-26 17:00:00","end_date_details":{"year":"2026","month":"07","day":"26","hour":"17","minutes":"00","seconds":"00"},"utc_start_date":"2026-07-26 15:00:00","utc_start_date_details":{"year":"2026","month":"07","day":"26","hour":"15","minutes":"00","seconds":"00"},"utc_end_date":"2026-07-26 15:00:00","utc_end_date_details":{"year":"2026","month":"07","day":"26","hour":"15","minutes":"00","seconds":"00"},"timezone":"Europe\/Berlin","timezone_abbr":"CEST","cost":"17\u20ac \u2013 20\u20ac","cost_details":{"currency_symbol":"\u20ac","currency_code":"EUR","currency_position":"suffix","values":["17","20"]},"website":"","show_map":false,"show_map_link":false,"hide_from_listings":false,"sticky":false,"featured":false,"categories":[{"name":"Konzert","slug":"konzert","term_group":0,"term_taxonomy_id":12,"taxonomy":"tribe_events_cat","description":"","parent":0,"count":21,"filter":"raw","id":12,"urls":{"self":"https:\/\/schloss-bevern.de\/index.php?rest_route=\/tribe\/events\/v1\/categories\/12","collection":"https:\/\/schloss-bevern.de\/index.php?rest_route=\/tribe\/events\/v1\/categories"}}],"tags":[],"venue":{"id":718,"author":"1","status":"publish","date":"2025-04-09 11:11:17","date_utc":"2025-04-09 09:11:17","modified":"2026-01-30 10:46:46","modified_utc":"2026-01-30 09:46:46","url":"https:\/\/schloss-bevern.de\/?tribe_venue=schlossinnenhof","venue":"Schlossinnenhof","slug":"schlossinnenhof","show_map":false,"show_map_link":true,"global_id":"schloss-bevern.de?id=718","global_id_lineage":["schloss-bevern.de?id=718"]},"organizer":[{"id":594,"author":"1","status":"publish","date":"2025-04-02 09:22:31","date_utc":"2025-04-02 07:22:31","modified":"2025-04-02 09:22:31","modified_utc":"2025-04-02 07:22:31","url":"https:\/\/schloss-bevern.de\/?tribe_organizer=freundeskreis-schloss-bevern-e-v","organizer":"Freundeskreis Schloss Bevern e.V.","slug":"freundeskreis-schloss-bevern-e-v","global_id":"schloss-bevern.de?id=594","global_id_lineage":["schloss-bevern.de?id=594"]}],"custom_fields":[]},{"id":746,"global_id":"schloss-bevern.de?id=746","global_id_lineage":["schloss-bevern.de?id=746"],"author":"1","status":"publish","date":"2025-04-09 11:36:03","date_utc":"2025-04-09 09:36:03","modified":"2026-02-03 12:08:57","modified_utc":"2026-02-03 11:08:57","url":"https:\/\/schloss-bevern.de\/?tribe_events=jazz-fruehshoppen-solling-swing-orchestra","rest_url":"https:\/\/schloss-bevern.de\/index.php?rest_route=\/tribe\/events\/v1\/events\/746","title":"Jazz-Fr\u00fchshoppen &#8222;B\u00f6rner Blues BigBand&#8220;&#8230;","description":"<div class=\"event_details\">\n<div class=\"field_line\">\n<div class=\"field_value\">\n<h2><span style=\"font-size: 28px; font-family: garamond-lt-regular;\">&#8230;der Musikschule Holzminden<\/span><\/h2>\n<h2><span style=\"font-family: garamond-lt-regular; font-size: 28px; color: #9d113b;\">Open Air im Schlosshof<\/span><\/h2>\n<p><span style=\"font-family: garamond-lt-regular; font-size: 18px;\"><img loading=\"lazy\" decoding=\"async\" class=\"size-medium wp-image-1408 alignleft\" src=\"https:\/\/schloss-bevern.de\/wp-content\/uploads\/Boerner_Blues_Big_Band_2024_1_hp-300x191.jpg\" alt=\"\" width=\"300\" height=\"191\" srcset=\"https:\/\/schloss-bevern.de\/wp-content\/uploads\/Boerner_Blues_Big_Band_2024_1_hp-300x191.jpg 300w, https:\/\/schloss-bevern.de\/wp-content\/uploads\/Boerner_Blues_Big_Band_2024_1_hp-1024x652.jpg 1024w, https:\/\/schloss-bevern.de\/wp-content\/uploads\/Boerner_Blues_Big_Band_2024_1_hp-150x96.jpg 150w, https:\/\/schloss-bevern.de\/wp-content\/uploads\/Boerner_Blues_Big_Band_2024_1_hp-768x489.jpg 768w, https:\/\/schloss-bevern.de\/wp-content\/uploads\/Boerner_Blues_Big_Band_2024_1_hp-1536x978.jpg 1536w, https:\/\/schloss-bevern.de\/wp-content\/uploads\/Boerner_Blues_Big_Band_2024_1_hp-2048x1305.jpg 2048w\" sizes=\"auto, (max-width: 300px) 100vw, 300px\" \/>Beim Open-Air-Angebot des Freundeskreises darf nat\u00fcrlich auch der traditionelle Jazz-Fr\u00fchschoppen nicht fehlen. Er wird diesmal von der \u201eB\u00f6rner Blues BigBand\u201c der Musikschule Holzminden unter der Leitung von Alexander K\u00e4berich bestritten. Mitrei\u00dfender Blues, kraftvoller Soul und swingender Groove zeichnen dieses noch relativ junge Orchester aus. Die 20-k\u00f6pfige Band mit Musikerinnen und Musikern aus der gesamten Region wird komplettiert durch den Gesang von Christina Seckelmann und Uwe B\u00f6rner.<\/span><\/p>\n<p><span style=\"font-family: garamond-lt-regular; font-size: 18px;\">Der <b>Eintrittspreis<\/b>\u00a0betr\u00e4gt 10\u00a0\u20ac. Kartenreservierungen sind unter\u00a0<a>kontakt@schlossfreunde-bevern.de\u00a0<\/a>m\u00f6glich. Weitere Verkaufsstellen entnehmen Sie bitte den Pressemitteilungen.<\/span><\/p>\n<p>&nbsp;<\/p>\n<\/div>\n<\/div>\n<\/div>","excerpt":"","slug":"jazz-fruehshoppen-solling-swing-orchestra","image":false,"all_day":false,"start_date":"2026-08-30 11:00:00","start_date_details":{"year":"2026","month":"08","day":"30","hour":"11","minutes":"00","seconds":"00"},"end_date":"2026-08-30 11:00:00","end_date_details":{"year":"2026","month":"08","day":"30","hour":"11","minutes":"00","seconds":"00"},"utc_start_date":"2026-08-30 09:00:00","utc_start_date_details":{"year":"2026","month":"08","day":"30","hour":"09","minutes":"00","seconds":"00"},"utc_end_date":"2026-08-30 09:00:00","utc_end_date_details":{"year":"2026","month":"08","day":"30","hour":"09","minutes":"00","seconds":"00"},"timezone":"Europe\/Berlin","timezone_abbr":"CEST","cost":"10\u20ac","cost_details":{"currency_symbol":"\u20ac","currency_code":"EUR","currency_position":"suffix","values":["10"]},"website":"","show_map":false,"show_map_link":false,"hide_from_listings":false,"sticky":false,"featured":false,"categories":[{"name":"Konzert","slug":"konzert","term_group":0,"term_taxonomy_id":12,"taxonomy":"tribe_events_cat","description":"","parent":0,"count":21,"filter":"raw","id":12,"urls":{"self":"https:\/\/schloss-bevern.de\/index.php?rest_route=\/tribe\/events\/v1\/categories\/12","collection":"https:\/\/schloss-bevern.de\/index.php?rest_route=\/tribe\/events\/v1\/categories"}}],"tags":[],"venue":{"id":718,"author":"1","status":"publish","date":"2025-04-09 11:11:17","date_utc":"2025-04-09 09:11:17","modified":"2026-01-30 10:46:46","modified_utc":"2026-01-30 09:46:46","url":"https:\/\/schloss-bevern.de\/?tribe_venue=schlossinnenhof","venue":"Schlossinnenhof","slug":"schlossinnenhof","show_map":false,"show_map_link":true,"global_id":"schloss-bevern.de?id=718","global_id_lineage":["schloss-bevern.de?id=718"]},"organizer":[{"id":594,"author":"1","status":"publish","date":"2025-04-02 09:22:31","date_utc":"2025-04-02 07:22:31","modified":"2025-04-02 09:22:31","modified_utc":"2025-04-02 07:22:31","url":"https:\/\/schloss-bevern.de\/?tribe_organizer=freundeskreis-schloss-bevern-e-v","organizer":"Freundeskreis Schloss Bevern e.V.","slug":"freundeskreis-schloss-bevern-e-v","global_id":"schloss-bevern.de?id=594","global_id_lineage":["schloss-bevern.de?id=594"]}],"custom_fields":[]},{"id":1419,"global_id":"schloss-bevern.de?id=1419","global_id_lineage":["schloss-bevern.de?id=1419"],"author":"2","status":"publish","date":"2026-02-04 09:48:46","date_utc":"2026-02-04 08:48:46","modified":"2026-02-11 12:13:37","modified_utc":"2026-02-11 11:13:37","url":"https:\/\/schloss-bevern.de\/?tribe_events=konzert-kaeberich-und-kim","rest_url":"https:\/\/schloss-bevern.de\/index.php?rest_route=\/tribe\/events\/v1\/events\/1419","title":"Konzert K\u00e4berich und Kim","description":"<h2><span style=\"font-family: garamond-lt-regular; font-size: 28px;\">Herbststurm | Fl\u00f6te und Klavier\/ Cembalo | Werke von Bach, Schubert, Widor, Piazzolla u.a.<\/span><\/h2>\n<p><span style=\"font-family: garamond-lt-regular; font-size: 18px;\"><img loading=\"lazy\" decoding=\"async\" class=\"size-full wp-image-1420 alignleft\" src=\"https:\/\/schloss-bevern.de\/wp-content\/uploads\/platzhalter.jpeg\" alt=\"\" width=\"259\" height=\"194\" srcset=\"https:\/\/schloss-bevern.de\/wp-content\/uploads\/platzhalter.jpeg 259w, https:\/\/schloss-bevern.de\/wp-content\/uploads\/platzhalter-150x112.jpeg 150w\" sizes=\"auto, (max-width: 259px) 100vw, 259px\" \/>Alexander K\u00e4berich studierte nach Auslandsaufenthalten in Mexiko und Chile an der Hochschule f\u00fcr Musik, Theater und Medien in Hannover. Seit 25 Jahren ist er Leiter der Musikschule Holzminden. Er konzertiert zudem als vielgefragter Querfl\u00f6tist in unterschiedlichen Besetzungen und als Solist im In- und Ausland. Hanzo Kim studierte Orgel in seiner Heimatstadt Seoul sowie in Heidelberg und T\u00fcbingen. Neben einer regen Konzertt\u00e4tigkeit im In- und Ausland war er Kirchenmusiker im s\u00fcddeutschen Raum. Ab 2014 wirkte er als Kantor der Luthergemeinde Holzminden und seit 2020 ist er Bezirkskantor an der Stadtkirche N\u00fcrtingen.<\/span><\/p>\n<p><span style=\"font-family: garamond-lt-regular; font-size: 18px;\">Der <b>Eintrittspreis<\/b>\u00a0betr\u00e4gt 20 \u20ac, erm\u00e4\u00dfigt 17 \u20ac f\u00fcr Mitglieder, Sch\u00fcler, Studenten und Auszubildende. Kartenreservierungen sind unter\u00a0<a>kontakt@schlossfreunde-bevern.de\u00a0<\/a>m\u00f6glich. Weitere Verkaufsstellen entnehmen Sie bitte den Pressemitteilungen.<\/span><\/p>","excerpt":"","slug":"konzert-kaeberich-und-kim","image":false,"all_day":false,"start_date":"2026-10-11 17:00:00","start_date_details":{"year":"2026","month":"10","day":"11","hour":"17","minutes":"00","seconds":"00"},"end_date":"2026-10-11 17:00:00","end_date_details":{"year":"2026","month":"10","day":"11","hour":"17","minutes":"00","seconds":"00"},"utc_start_date":"2026-10-11 15:00:00","utc_start_date_details":{"year":"2026","month":"10","day":"11","hour":"15","minutes":"00","seconds":"00"},"utc_end_date":"2026-10-11 15:00:00","utc_end_date_details":{"year":"2026","month":"10","day":"11","hour":"15","minutes":"00","seconds":"00"},"timezone":"Europe\/Berlin","timezone_abbr":"CEST","cost":"17\u20ac \u2013 20\u20ac","cost_details":{"currency_symbol":"\u20ac","currency_code":"EUR","currency_position":"suffix","values":["17","20"]},"website":"","show_map":false,"show_map_link":true,"hide_from_listings":false,"sticky":false,"featured":false,"categories":[{"name":"Konzert","slug":"konzert","term_group":0,"term_taxonomy_id":12,"taxonomy":"tribe_events_cat","description":"","parent":0,"count":21,"filter":"raw","id":12,"urls":{"self":"https:\/\/schloss-bevern.de\/index.php?rest_route=\/tribe\/events\/v1\/categories\/12","collection":"https:\/\/schloss-bevern.de\/index.php?rest_route=\/tribe\/events\/v1\/categories"}}],"tags":[],"venue":{"id":593,"author":"1","status":"publish","date":"2025-04-02 09:22:31","date_utc":"2025-04-02 07:22:31","modified":"2025-04-03 08:48:41","modified_utc":"2025-04-03 06:48:41","url":"https:\/\/schloss-bevern.de\/?tribe_venue=schlosskapelle","venue":"Schlosskapelle","description":"<p>&nbsp;<\/p>\n<p>&nbsp;<\/p>","slug":"schlosskapelle","show_map":false,"show_map_link":false,"global_id":"schloss-bevern.de?id=593","global_id_lineage":["schloss-bevern.de?id=593"]},"organizer":[{"id":594,"author":"1","status":"publish","date":"2025-04-02 09:22:31","date_utc":"2025-04-02 07:22:31","modified":"2025-04-02 09:22:31","modified_utc":"2025-04-02 07:22:31","url":"https:\/\/schloss-bevern.de\/?tribe_organizer=freundeskreis-schloss-bevern-e-v","organizer":"Freundeskreis Schloss Bevern e.V.","slug":"freundeskreis-schloss-bevern-e-v","global_id":"schloss-bevern.de?id=594","global_id_lineage":["schloss-bevern.de?id=594"]}],"custom_fields":[]},{"id":1422,"global_id":"schloss-bevern.de?id=1422","global_id_lineage":["schloss-bevern.de?id=1422"],"author":"2","status":"publish","date":"2026-02-04 10:02:21","date_utc":"2026-02-04 09:02:21","modified":"2026-02-04 10:03:30","modified_utc":"2026-02-04 09:03:30","url":"https:\/\/schloss-bevern.de\/?tribe_events=michael-von-zalejski","rest_url":"https:\/\/schloss-bevern.de\/index.php?rest_route=\/tribe\/events\/v1\/events\/1422","title":"Konzert Michael von Zalejski","description":"<h2><span style=\"font-family: garamond-lt-regular; font-size: 28px;\">Chansons von Reinhard Mey | Klavier und Gesang<\/span><\/h2>\n<p><span style=\"font-family: garamond-lt-regular; font-size: 18px;\"><img loading=\"lazy\" decoding=\"async\" class=\"size-medium wp-image-1423 alignleft\" src=\"https:\/\/schloss-bevern.de\/wp-content\/uploads\/MIchael-von-Zalejski_c_Hintza-200x300.jpg\" alt=\"\" width=\"200\" height=\"300\" srcset=\"https:\/\/schloss-bevern.de\/wp-content\/uploads\/MIchael-von-Zalejski_c_Hintza-200x300.jpg 200w, https:\/\/schloss-bevern.de\/wp-content\/uploads\/MIchael-von-Zalejski_c_Hintza-683x1024.jpg 683w, https:\/\/schloss-bevern.de\/wp-content\/uploads\/MIchael-von-Zalejski_c_Hintza-100x150.jpg 100w, https:\/\/schloss-bevern.de\/wp-content\/uploads\/MIchael-von-Zalejski_c_Hintza-768x1152.jpg 768w, https:\/\/schloss-bevern.de\/wp-content\/uploads\/MIchael-von-Zalejski_c_Hintza-1024x1536.jpg 1024w, https:\/\/schloss-bevern.de\/wp-content\/uploads\/MIchael-von-Zalejski_c_Hintza-1365x2048.jpg 1365w, https:\/\/schloss-bevern.de\/wp-content\/uploads\/MIchael-von-Zalejski_c_Hintza-scaled.jpg 1707w\" sizes=\"auto, (max-width: 200px) 100vw, 200px\" \/>Michael Zalejski versteht es, beim Publikum Emotionen zu wecken. Neben seinem brillanten Klavierspiel und dem individuellen Gesang ist es vor allem die authentische Art und Weise, die in den Liedern enthaltenen Geschichten und Gef\u00fchle sinnbildlich freizulegen. Er pr\u00e4sentiert zum einen die bekannten Lieder von Reinhard Mey, aber auch eine Reise durch die verschiedensten Themen und Facetten des Lebens, ganz im Sinne eines typischen Mey-Konzertes. Verbunden mit der humorvollen und oft situationsbezogenen Moderation entsteht auf diese Weise ein ganz besonderer Konzertabend.<\/span><\/p>\n<p><span style=\"font-family: garamond-lt-regular; font-size: 18px;\">Der <b>Eintrittspreis<\/b>\u00a0betr\u00e4gt 20 \u20ac, erm\u00e4\u00dfigt 17 \u20ac f\u00fcr Mitglieder, Sch\u00fcler, Studenten und Auszubildende. Kartenreservierungen sind unter\u00a0<a>kontakt@schlossfreunde-bevern.de\u00a0<\/a>m\u00f6glich. Weitere Verkaufsstellen entnehmen Sie bitte den Pressemitteilungen.<\/span><\/p>","excerpt":"","slug":"michael-von-zalejski","image":false,"all_day":false,"start_date":"2026-11-15 17:00:00","start_date_details":{"year":"2026","month":"11","day":"15","hour":"17","minutes":"00","seconds":"00"},"end_date":"2026-11-15 17:00:00","end_date_details":{"year":"2026","month":"11","day":"15","hour":"17","minutes":"00","seconds":"00"},"utc_start_date":"2026-11-15 16:00:00","utc_start_date_details":{"year":"2026","month":"11","day":"15","hour":"16","minutes":"00","seconds":"00"},"utc_end_date":"2026-11-15 16:00:00","utc_end_date_details":{"year":"2026","month":"11","day":"15","hour":"16","minutes":"00","seconds":"00"},"timezone":"Europe\/Berlin","timezone_abbr":"CET","cost":"17\u20ac \u2013 20\u20ac","cost_details":{"currency_symbol":"\u20ac","currency_code":"EUR","currency_position":"suffix","values":["17","20"]},"website":"","show_map":false,"show_map_link":false,"hide_from_listings":false,"sticky":false,"featured":false,"categories":[{"name":"Konzert","slug":"konzert","term_group":0,"term_taxonomy_id":12,"taxonomy":"tribe_events_cat","description":"","parent":0,"count":21,"filter":"raw","id":12,"urls":{"self":"https:\/\/schloss-bevern.de\/index.php?rest_route=\/tribe\/events\/v1\/categories\/12","collection":"https:\/\/schloss-bevern.de\/index.php?rest_route=\/tribe\/events\/v1\/categories"}}],"tags":[],"venue":{"id":593,"author":"1","status":"publish","date":"2025-04-02 09:22:31","date_utc":"2025-04-02 07:22:31","modified":"2025-04-03 08:48:41","modified_utc":"2025-04-03 06:48:41","url":"https:\/\/schloss-bevern.de\/?tribe_venue=schlosskapelle","venue":"Schlosskapelle","description":"<p>&nbsp;<\/p>\n<p>&nbsp;<\/p>","slug":"schlosskapelle","show_map":false,"show_map_link":false,"global_id":"schloss-bevern.de?id=593","global_id_lineage":["schloss-bevern.de?id=593"]},"organizer":[{"id":594,"author":"1","status":"publish","date":"2025-04-02 09:22:31","date_utc":"2025-04-02 07:22:31","modified":"2025-04-02 09:22:31","modified_utc":"2025-04-02 07:22:31","url":"https:\/\/schloss-bevern.de\/?tribe_organizer=freundeskreis-schloss-bevern-e-v","organizer":"Freundeskreis Schloss Bevern e.V.","slug":"freundeskreis-schloss-bevern-e-v","global_id":"schloss-bevern.de?id=594","global_id_lineage":["schloss-bevern.de?id=594"]}],"custom_fields":[]},{"id":1427,"global_id":"schloss-bevern.de?id=1427","global_id_lineage":["schloss-bevern.de?id=1427"],"author":"2","status":"publish","date":"2026-02-04 10:06:09","date_utc":"2026-02-04 09:06:09","modified":"2026-02-11 12:29:15","modified_utc":"2026-02-11 11:29:15","url":"https:\/\/schloss-bevern.de\/?tribe_events=konzert-vokaliesen-poetess-play","rest_url":"https:\/\/schloss-bevern.de\/index.php?rest_route=\/tribe\/events\/v1\/events\/1427","title":"Konzert VokaLiesen &#038; Poetess\u2019 Play","description":"<h2><span style=\"font-family: garamond-lt-regular; font-size: 28px;\">Voice, Body &amp; Soul Frauenchor | Konzert zum Weihnachtsmarkt<\/span><\/h2>\n<p><span style=\"font-family: garamond-lt-regular; font-size: 18px;\"><img loading=\"lazy\" decoding=\"async\" class=\"size-medium wp-image-1455 alignleft\" src=\"https:\/\/schloss-bevern.de\/wp-content\/uploads\/VokaLiesen-gross-246x300.jpg\" alt=\"\" width=\"246\" height=\"300\" srcset=\"https:\/\/schloss-bevern.de\/wp-content\/uploads\/VokaLiesen-gross-246x300.jpg 246w, https:\/\/schloss-bevern.de\/wp-content\/uploads\/VokaLiesen-gross-840x1024.jpg 840w, https:\/\/schloss-bevern.de\/wp-content\/uploads\/VokaLiesen-gross-123x150.jpg 123w, https:\/\/schloss-bevern.de\/wp-content\/uploads\/VokaLiesen-gross-768x936.jpg 768w, https:\/\/schloss-bevern.de\/wp-content\/uploads\/VokaLiesen-gross-1260x1536.jpg 1260w, https:\/\/schloss-bevern.de\/wp-content\/uploads\/VokaLiesen-gross.jpg 1572w\" sizes=\"auto, (max-width: 246px) 100vw, 246px\" \/>Die \u201eVokaLiesen&#8220; unter der Leitung von Franziska Pilz alias\u00a0<q>Poetess` Play<\/q>\u00a0pr\u00e4sentieren Songs, die Ihre Seele erfreuen von Folk bis Pop, vom Mantra bis zum mehrstimmigen Satz. Alles ohne Noten und mit sehr viel Seele. Beim Konzert in der Schlosskapelle werden sowohl Lieder aus dem Repertoire des Chores als auch Solos von Poetess` Play zu h\u00f6ren sein. Die S\u00e4ngerin und Songwriterin tr\u00e4gt ihre sehr pers\u00f6nlichen Songs vor, die von sch\u00f6nen und traurigen Momenten, von Ver\u00e4nderung und Sehnsucht handeln.<\/span><\/p>\n<p><span style=\"font-family: garamond-lt-regular; font-size: 18px;\">Als Bestandteil des Weihnachtsmarkts ist hier der <b>Eintritt frei &#8211; um Spenden wird gebeten<\/b>.<\/span><\/p>","excerpt":"","slug":"konzert-vokaliesen-poetess-play","image":false,"all_day":false,"start_date":"2026-11-28 16:00:00","start_date_details":{"year":"2026","month":"11","day":"28","hour":"16","minutes":"00","seconds":"00"},"end_date":"2026-11-28 16:00:00","end_date_details":{"year":"2026","month":"11","day":"28","hour":"16","minutes":"00","seconds":"00"},"utc_start_date":"2026-11-28 15:00:00","utc_start_date_details":{"year":"2026","month":"11","day":"28","hour":"15","minutes":"00","seconds":"00"},"utc_end_date":"2026-11-28 15:00:00","utc_end_date_details":{"year":"2026","month":"11","day":"28","hour":"15","minutes":"00","seconds":"00"},"timezone":"Europe\/Berlin","timezone_abbr":"CET","cost":"Free","cost_details":{"currency_symbol":"\u20ac","currency_code":"EUR","currency_position":"suffix","values":["0"]},"website":"","show_map":false,"show_map_link":true,"hide_from_listings":false,"sticky":false,"featured":false,"categories":[{"name":"Konzert","slug":"konzert","term_group":0,"term_taxonomy_id":12,"taxonomy":"tribe_events_cat","description":"","parent":0,"count":21,"filter":"raw","id":12,"urls":{"self":"https:\/\/schloss-bevern.de\/index.php?rest_route=\/tribe\/events\/v1\/categories\/12","collection":"https:\/\/schloss-bevern.de\/index.php?rest_route=\/tribe\/events\/v1\/categories"}}],"tags":[],"venue":{"id":593,"author":"1","status":"publish","date":"2025-04-02 09:22:31","date_utc":"2025-04-02 07:22:31","modified":"2025-04-03 08:48:41","modified_utc":"2025-04-03 06:48:41","url":"https:\/\/schloss-bevern.de\/?tribe_venue=schlosskapelle","venue":"Schlosskapelle","description":"<p>&nbsp;<\/p>\n<p>&nbsp;<\/p>","slug":"schlosskapelle","show_map":false,"show_map_link":false,"global_id":"schloss-bevern.de?id=593","global_id_lineage":["schloss-bevern.de?id=593"]},"organizer":[{"id":594,"author":"1","status":"publish","date":"2025-04-02 09:22:31","date_utc":"2025-04-02 07:22:31","modified":"2025-04-02 09:22:31","modified_utc":"2025-04-02 07:22:31","url":"https:\/\/schloss-bevern.de\/?tribe_organizer=freundeskreis-schloss-bevern-e-v","organizer":"Freundeskreis Schloss Bevern e.V.","slug":"freundeskreis-schloss-bevern-e-v","global_id":"schloss-bevern.de?id=594","global_id_lineage":["schloss-bevern.de?id=594"]}],"custom_fields":[]},{"id":1429,"global_id":"schloss-bevern.de?id=1429","global_id_lineage":["schloss-bevern.de?id=1429"],"author":"2","status":"publish","date":"2026-02-04 10:09:47","date_utc":"2026-02-04 09:09:47","modified":"2026-02-04 10:09:47","modified_utc":"2026-02-04 09:09:47","url":"https:\/\/schloss-bevern.de\/?tribe_events=konzert-klarinettentrio-schmuck","rest_url":"https:\/\/schloss-bevern.de\/index.php?rest_route=\/tribe\/events\/v1\/events\/1429","title":"Konzert Klarinettentrio Schmuck","description":"<h2><span style=\"font-family: garamond-lt-regular; font-size: 28px;\">Von Klassik bis Jazz | Werke von Mozart, Brahms, Bach, Beatles, Mancini, Piazzolla<\/span><\/h2>\n<p><img loading=\"lazy\" decoding=\"async\" class=\" wp-image-1430 alignleft\" src=\"https:\/\/schloss-bevern.de\/wp-content\/uploads\/Klarinettentrio-5-300x200.jpg\" alt=\"\" width=\"252\" height=\"168\" srcset=\"https:\/\/schloss-bevern.de\/wp-content\/uploads\/Klarinettentrio-5-300x200.jpg 300w, https:\/\/schloss-bevern.de\/wp-content\/uploads\/Klarinettentrio-5-1024x681.jpg 1024w, https:\/\/schloss-bevern.de\/wp-content\/uploads\/Klarinettentrio-5-150x100.jpg 150w, https:\/\/schloss-bevern.de\/wp-content\/uploads\/Klarinettentrio-5-768x511.jpg 768w, https:\/\/schloss-bevern.de\/wp-content\/uploads\/Klarinettentrio-5-1536x1022.jpg 1536w, https:\/\/schloss-bevern.de\/wp-content\/uploads\/Klarinettentrio-5-2048x1363.jpg 2048w, https:\/\/schloss-bevern.de\/wp-content\/uploads\/Klarinettentrio-5-272x182.jpg 272w\" sizes=\"auto, (max-width: 252px) 100vw, 252px\" \/><\/p>\n<ul>\n<li style=\"list-style-type: none;\">\n<ul>\n<li style=\"list-style-type: none;\">\n<ul>\n<li style=\"list-style-type: none;\">\n<ul>\n<li style=\"list-style-type: none;\">\n<ul>\n<li style=\"list-style-type: none;\">\n<ul>\n<li style=\"list-style-type: none;\">\n<ul>\n<li style=\"list-style-type: none;\">\n<ul>\n<li><span style=\"font-family: garamond-lt-regular; font-size: 18px;\">Sayaka Schmuck, Klarinette<\/span><\/li>\n<li><span style=\"font-family: garamond-lt-regular; font-size: 18px;\">Johann-Peter Taferner, Klarinette<\/span><\/li>\n<li><span style=\"font-family: garamond-lt-regular; font-size: 18px;\">Krist\u00f3f D\u00f6m\u00f6t\u00f6r, Bassetthorn\/Bass-Klarinette<\/span><\/li>\n<\/ul>\n<\/li>\n<\/ul>\n<\/li>\n<\/ul>\n<\/li>\n<\/ul>\n<\/li>\n<\/ul>\n<\/li>\n<\/ul>\n<\/li>\n<\/ul>\n<\/li>\n<\/ul>\n<p><span style=\"font-family: garamond-lt-regular; font-size: 18px;\">Das\u00a0<q>Klarinettentrio Schmuck<\/q>\u00a0begeistert mit seiner einzigartigen Besetzung aus Klarinette, Bassetthorn und Bassklarinette sowie einer au\u00dfergew\u00f6hnlichen klanglichen Vielfalt. Von der Presse als \u201eabsoluter Hochkar\u00e4ter\u201c gefeiert, z\u00e4hlt das Ensemble zu den besten Formationen seiner Art. Diese seltene Kombination, die durch Sabine Meyers Trio di Clarone weltweite Bekanntheit erlangte, bleibt eine Rarit\u00e4t auf der Kammermusikb\u00fchne. Mit meisterhafter Beherrschung ihrer Instrumente und einer tiefen Leidenschaft f\u00fcr Kammermusik gelingt es den drei K\u00fcnstlern, ihr Publikum immer wieder zu verzaubern. Ihre Auftritte zeichnen sich durch sprudelnde Spielfreude, einen magischen Dialog und ein harmonisches Zusammenspiel aus.<\/span><\/p>\n<p><span style=\"font-family: garamond-lt-regular; font-size: 18px;\">Diese Veranstaltung bildet den Abschluss des Jubil\u00e4umsjahres \u201e1200 Jahre Bevern\u201c, der <b>Eintrittspreis<\/b>\u00a0betr\u00e4gt daher f\u00fcr alle 12\u00a0\u20ac, inklusive Catering-Angebot. Kartenreservierungen sind unter\u00a0<a>kontakt@schlossfreunde-bevern.de\u00a0<\/a>m\u00f6glich. Weitere Verkaufsstellen entnehmen Sie bitte den Pressemitteilungen.<\/span><\/p>","excerpt":"","slug":"konzert-klarinettentrio-schmuck","image":false,"all_day":false,"start_date":"2026-12-27 17:00:00","start_date_details":{"year":"2026","month":"12","day":"27","hour":"17","minutes":"00","seconds":"00"},"end_date":"2026-12-27 17:00:00","end_date_details":{"year":"2026","month":"12","day":"27","hour":"17","minutes":"00","seconds":"00"},"utc_start_date":"2026-12-27 16:00:00","utc_start_date_details":{"year":"2026","month":"12","day":"27","hour":"16","minutes":"00","seconds":"00"},"utc_end_date":"2026-12-27 16:00:00","utc_end_date_details":{"year":"2026","month":"12","day":"27","hour":"16","minutes":"00","seconds":"00"},"timezone":"Europe\/Berlin","timezone_abbr":"CET","cost":"12\u20ac","cost_details":{"currency_symbol":"\u20ac","currency_code":"EUR","currency_position":"suffix","values":["12"]},"website":"","show_map":false,"show_map_link":true,"hide_from_listings":false,"sticky":false,"featured":false,"categories":[{"name":"Konzert","slug":"konzert","term_group":0,"term_taxonomy_id":12,"taxonomy":"tribe_events_cat","description":"","parent":0,"count":21,"filter":"raw","id":12,"urls":{"self":"https:\/\/schloss-bevern.de\/index.php?rest_route=\/tribe\/events\/v1\/categories\/12","collection":"https:\/\/schloss-bevern.de\/index.php?rest_route=\/tribe\/events\/v1\/categories"}}],"tags":[],"venue":{"id":593,"author":"1","status":"publish","date":"2025-04-02 09:22:31","date_utc":"2025-04-02 07:22:31","modified":"2025-04-03 08:48:41","modified_utc":"2025-04-03 06:48:41","url":"https:\/\/schloss-bevern.de\/?tribe_venue=schlosskapelle","venue":"Schlosskapelle","description":"<p>&nbsp;<\/p>\n<p>&nbsp;<\/p>","slug":"schlosskapelle","show_map":false,"show_map_link":false,"global_id":"schloss-bevern.de?id=593","global_id_lineage":["schloss-bevern.de?id=593"]},"organizer":[{"id":594,"author":"1","status":"publish","date":"2025-04-02 09:22:31","date_utc":"2025-04-02 07:22:31","modified":"2025-04-02 09:22:31","modified_utc":"2025-04-02 07:22:31","url":"https:\/\/schloss-bevern.de\/?tribe_organizer=freundeskreis-schloss-bevern-e-v","organizer":"Freundeskreis Schloss Bevern e.V.","slug":"freundeskreis-schloss-bevern-e-v","global_id":"schloss-bevern.de?id=594","global_id_lineage":["schloss-bevern.de?id=594"]}],"custom_fields":[]}],"rest_url":"https:\/\/schloss-bevern.de\/index.php?rest_route=%2Ftribe%2Fevents%2Fv1%2Fevents%2F&page=1&per_page=10&start_date=2026-04-30 00:00:00&end_date=2028-04-30 23:59:59&status=publish","total":7,"total_pages":1}