{"id":1323,"global_id":"schloss-bevern.de?id=1323","global_id_lineage":["schloss-bevern.de?id=1323"],"author":"2","status":"publish","date":"2026-03-27 10:30:11","date_utc":"2026-03-27 09:30:11","modified":"2026-03-27 10:30:26","modified_utc":"2026-03-27 09:30:26","url":"https:\/\/schloss-bevern.de\/?tribe_events=themenfuehrung-perle-der-weserrenaissance","rest_url":"https:\/\/schloss-bevern.de\/index.php?rest_route=\/tribe\/events\/v1\/events\/1323","title":"Themenf\u00fchrung &#8211; Perle der Weserrenaissance","description":"<p><img loading=\"lazy\" decoding=\"async\" class=\"size-medium wp-image-157 alignleft\" src=\"https:\/\/schloss-bevern.de\/wp-content\/uploads\/Bauhistorische_Fuehrungen_1-200x300.jpg\" alt=\"\" width=\"200\" height=\"300\" srcset=\"https:\/\/schloss-bevern.de\/wp-content\/uploads\/Bauhistorische_Fuehrungen_1-200x300.jpg 200w, https:\/\/schloss-bevern.de\/wp-content\/uploads\/Bauhistorische_Fuehrungen_1-681x1024.jpg 681w, https:\/\/schloss-bevern.de\/wp-content\/uploads\/Bauhistorische_Fuehrungen_1-100x150.jpg 100w, https:\/\/schloss-bevern.de\/wp-content\/uploads\/Bauhistorische_Fuehrungen_1-768x1154.jpg 768w, https:\/\/schloss-bevern.de\/wp-content\/uploads\/Bauhistorische_Fuehrungen_1-1022x1536.jpg 1022w, https:\/\/schloss-bevern.de\/wp-content\/uploads\/Bauhistorische_Fuehrungen_1-1363x2048.jpg 1363w, https:\/\/schloss-bevern.de\/wp-content\/uploads\/Bauhistorische_Fuehrungen_1-scaled.jpg 1703w\" sizes=\"auto, (max-width: 200px) 100vw, 200px\" \/><span style=\"font-family: garamond-lt-regular; font-size: 18px;\">In der Renaissancearchitektur der Region, genannt Weserrenaissance, sind stilistische Eigenheiten zu beobachten, die sich um 1600 zu einer unverwechselbaren Formensprache verdichten. Dazu geh\u00f6ren Gliederungen mit Gesimsen, Lisenen und Kerbschnittbossenquadern, reichgestaltete Giebelfronten, Zwerchh\u00e4user und Beschlagwerkornamente. Die Bauk\u00f6rper werden vielfach mit Erkern, Utluchten und Wendelsteinen mit welschen Hauben belebt. Bei dieser ersten bauhistorischen F\u00fchrung steht die Weserrenaissance am Beispiel von Schloss Bevern ganz im Mittelpunkt.<\/span><\/p>\n<p><span style=\"font-family: garamond-lt-regular; font-size: 18px;\"><strong>Voranmeldung notwendig (Tel.: 05531 707-148) oder kultur@landkreis-holzminden.de<\/strong><\/span><\/p>\n<p>&nbsp;<\/p>\n<p style=\"text-align: center;\">","excerpt":"","slug":"themenfuehrung-perle-der-weserrenaissance","image":false,"all_day":false,"start_date":"2026-04-25 14:00:00","start_date_details":{"year":"2026","month":"04","day":"25","hour":"14","minutes":"00","seconds":"00"},"end_date":"2026-04-25 15:30:00","end_date_details":{"year":"2026","month":"04","day":"25","hour":"15","minutes":"30","seconds":"00"},"utc_start_date":"2026-04-25 12:00:00","utc_start_date_details":{"year":"2026","month":"04","day":"25","hour":"12","minutes":"00","seconds":"00"},"utc_end_date":"2026-04-25 13:30:00","utc_end_date_details":{"year":"2026","month":"04","day":"25","hour":"13","minutes":"30","seconds":"00"},"timezone":"Europe\/Berlin","timezone_abbr":"CEST","cost":"","cost_details":{"currency_symbol":"\u20ac","currency_code":"EUR","currency_position":"suffix","values":[]},"website":"","show_map":false,"show_map_link":true,"hide_from_listings":false,"sticky":false,"featured":false,"categories":[{"name":"Schlossf\u00fchrung","slug":"schlossfuehrung","term_group":0,"term_taxonomy_id":60,"taxonomy":"tribe_events_cat","description":"","parent":0,"count":1,"filter":"raw","id":60,"urls":{"self":"https:\/\/schloss-bevern.de\/index.php?rest_route=\/tribe\/events\/v1\/categories\/60","collection":"https:\/\/schloss-bevern.de\/index.php?rest_route=\/tribe\/events\/v1\/categories"}}],"tags":[],"venue":{"id":597,"author":"1","status":"publish","date":"2025-04-02 12:56:12","date_utc":"2025-04-02 10:56:12","modified":"2025-04-03 08:48:16","modified_utc":"2025-04-03 06:48:16","url":"https:\/\/schloss-bevern.de\/?tribe_venue=schloss-bevern","venue":"Schloss Bevern","description":"<p>&nbsp;<\/p>\n<p>&nbsp;<\/p>\n<p>&nbsp;<\/p>","slug":"schloss-bevern","json_ld":{"@type":"Place","name":"Schloss Bevern","description":"&lt;p&gt;&nbsp; &nbsp; &nbsp;&lt;\/p&gt;\\n","url":"","address":{"@type":"PostalAddress"},"telephone":"","sameAs":""},"show_map":false,"show_map_link":false,"global_id":"schloss-bevern.de?id=597","global_id_lineage":["schloss-bevern.de?id=597"]},"organizer":[{"id":598,"author":"1","status":"publish","date":"2025-04-02 12:56:12","date_utc":"2025-04-02 10:56:12","modified":"2025-04-02 12:56:12","modified_utc":"2025-04-02 10:56:12","url":"https:\/\/schloss-bevern.de\/?tribe_organizer=kulturressort-landkreis-holzminden","organizer":"Kulturressort Landkreis Holzminden","slug":"kulturressort-landkreis-holzminden","json_ld":{"@type":"Person","name":"Kulturressort Landkreis Holzminden","description":"","url":"","telephone":"","email":"","sameAs":""},"global_id":"schloss-bevern.de?id=598","global_id_lineage":["schloss-bevern.de?id=598"]}],"custom_fields":[],"json_ld":{"@context":"http:\/\/schema.org","@type":"Event","name":"Themenf\u00fchrung &#8211; Perle der Weserrenaissance","description":"&lt;p&gt;In der Renaissancearchitektur der Region, genannt Weserrenaissance, sind stilistische Eigenheiten zu beobachten, die sich um 1600 zu einer unverwechselbaren Formensprache verdichten. Dazu geh\u00f6ren Gliederungen mit Gesimsen, Lisenen und Kerbschnittbossenquadern, reichgestaltete Giebelfronten, Zwerchh\u00e4user und Beschlagwerkornamente. Die Bauk\u00f6rper werden vielfach mit Erkern, Utluchten und Wendelsteinen mit welschen Hauben belebt. Bei dieser ersten bauhistorischen F\u00fchrung steht die Weserrenaissance [&hellip;]&lt;\/p&gt;\\n","url":"https:\/\/schloss-bevern.de\/?tribe_events=themenfuehrung-perle-der-weserrenaissance","eventAttendanceMode":"https:\/\/schema.org\/OfflineEventAttendanceMode","eventStatus":"https:\/\/schema.org\/EventScheduled","startDate":"2026-04-25T14:00:00+02:00","endDate":"2026-04-25T15:30:00+02:00","location":{"@type":"Place","name":"Schloss Bevern","description":"&lt;p&gt;&nbsp; &nbsp; &nbsp;&lt;\/p&gt;\\n","url":"","address":{"@type":"PostalAddress"},"telephone":"","sameAs":""},"organizer":{"@type":"Person","name":"Kulturressort Landkreis Holzminden","description":"","url":"","telephone":"","email":"","sameAs":""},"performer":"Organization"}}