{"id":596,"global_id":"schloss-bevern.de?id=596","global_id_lineage":["schloss-bevern.de?id=596"],"author":"1","status":"publish","date":"2025-04-02 12:56:12","date_utc":"2025-04-02 10:56:12","modified":"2025-04-02 13:02:51","modified_utc":"2025-04-02 11:02:51","url":"https:\/\/schloss-bevern.de\/?tribe_events=raumbilder-margret-parpart","rest_url":"https:\/\/schloss-bevern.de\/index.php?rest_route=\/tribe\/events\/v1\/events\/596","title":"RAUMBILDER Margret Parpart","description":"<h3><span style=\"font-family: garamond-lt-regular; font-size: 18px; color: #9d113b;\"><img loading=\"lazy\" decoding=\"async\" class=\" wp-image-457 alignleft\" src=\"https:\/\/schloss-bevern.de\/wp\/wp-content\/uploads\/Margret_Parpart_o.T._2023_Acryl_a._Lw._100x100-300x297.jpg\" alt=\"\" width=\"306\" height=\"303\" srcset=\"https:\/\/schloss-bevern.de\/wp-content\/uploads\/Margret_Parpart_o.T._2023_Acryl_a._Lw._100x100-300x297.jpg 300w, https:\/\/schloss-bevern.de\/wp-content\/uploads\/Margret_Parpart_o.T._2023_Acryl_a._Lw._100x100-150x150.jpg 150w, https:\/\/schloss-bevern.de\/wp-content\/uploads\/Margret_Parpart_o.T._2023_Acryl_a._Lw._100x100.jpg 600w\" sizes=\"auto, (max-width: 306px) 100vw, 306px\" \/>Ausstellunger\u00f6ffnung: Sonntag, 13. April 2025 um 11 Uhr<\/span><\/h3>\n<p>Einf\u00fchrung: Dr. Alexander Leinemann, Kunsthistoriker G\u00f6ttingen<\/p>\n<p>Musikalischer Rahmen: Hein Br\u00fcggen &#8211; Gitarre Solo Classic &amp; Electric<\/p>\n<p><span style=\"font-family: garamond-lt-regular; font-size: 16px;\">Margret Parpart ist Meistersch\u00fclerin der Universit\u00e4t der K\u00fcnste Berlin, an der sie in den 1980er Jahren\u00a0 Bildhauerei studiert hat. Seit 2004 transportiert sie ihre bildhauerische Erfahrungen auf die Leinwand und erschlie\u00dft R\u00e4ume in ihren Gem\u00e4lden. Aus einem offenen Malprozess heraus, in dem sie das Bild st\u00e4ndig neu vermisst, gliedert und ordnet, findet sie ihre skulpturalen Motive.<\/span><br \/>\n<span style=\"font-family: garamond-lt-regular; font-size: 16px;\">Etwa 40 Arbeiten, die in den letzten vier Jahren entstanden sind, werden vom 13. April bis zum 01. Juni im Ausstellungssaal des Schlosses zu sehen sein.<\/span><br \/>\n<span style=\"font-family: garamond-lt-regular; font-size: 16px;\">Margret Parpart lebt und arbeitet in Stroit bei Einbeck.<\/span><br \/>\n<a title=\"http:\/\/www.parp-art.com\/\" href=\"http:\/\/www.parp-art.com\/\"><span style=\"font-family: garamond-lt-regular; font-size: 16px;\">http:\/\/www.parp-art.com<\/span><\/a><\/p>\n<p>&nbsp;<\/p>","excerpt":"","slug":"raumbilder-margret-parpart","image":false,"all_day":false,"start_date":"2025-04-13 11:00:00","start_date_details":{"year":"2025","month":"04","day":"13","hour":"11","minutes":"00","seconds":"00"},"end_date":"2025-06-01 11:00:00","end_date_details":{"year":"2025","month":"06","day":"01","hour":"11","minutes":"00","seconds":"00"},"utc_start_date":"2025-04-13 09:00:00","utc_start_date_details":{"year":"2025","month":"04","day":"13","hour":"09","minutes":"00","seconds":"00"},"utc_end_date":"2025-06-01 09:00:00","utc_end_date_details":{"year":"2025","month":"06","day":"01","hour":"09","minutes":"00","seconds":"00"},"timezone":"Europe\/Berlin","timezone_abbr":"CEST","cost":"","cost_details":{"currency_symbol":"","currency_code":"","currency_position":"","values":[]},"website":"","show_map":false,"show_map_link":true,"hide_from_listings":false,"sticky":false,"featured":false,"categories":[{"name":"Ausstellung","slug":"ausstellung","term_group":0,"term_taxonomy_id":13,"taxonomy":"tribe_events_cat","description":"","parent":0,"count":7,"filter":"raw","id":13,"urls":{"self":"https:\/\/schloss-bevern.de\/index.php?rest_route=\/tribe\/events\/v1\/categories\/13","collection":"https:\/\/schloss-bevern.de\/index.php?rest_route=\/tribe\/events\/v1\/categories"}}],"tags":[],"venue":{"id":597,"author":"1","status":"publish","date":"2025-04-02 12:56:12","date_utc":"2025-04-02 10:56:12","modified":"2025-04-03 08:48:16","modified_utc":"2025-04-03 06:48:16","url":"https:\/\/schloss-bevern.de\/?tribe_venue=schloss-bevern","venue":"Schloss Bevern","description":"<p>&nbsp;<\/p>\n<p>&nbsp;<\/p>\n<p>&nbsp;<\/p>","slug":"schloss-bevern","json_ld":{"@type":"Place","name":"Schloss Bevern","description":"&lt;p&gt;&nbsp; &nbsp; &nbsp;&lt;\/p&gt;\\n","url":"","address":{"@type":"PostalAddress"},"telephone":"","sameAs":""},"show_map":false,"show_map_link":false,"global_id":"schloss-bevern.de?id=597","global_id_lineage":["schloss-bevern.de?id=597"]},"organizer":[{"id":598,"author":"1","status":"publish","date":"2025-04-02 12:56:12","date_utc":"2025-04-02 10:56:12","modified":"2025-04-02 12:56:12","modified_utc":"2025-04-02 10:56:12","url":"https:\/\/schloss-bevern.de\/?tribe_organizer=kulturressort-landkreis-holzminden","organizer":"Kulturressort Landkreis Holzminden","slug":"kulturressort-landkreis-holzminden","json_ld":{"@type":"Person","name":"Kulturressort Landkreis Holzminden","description":"","url":"","telephone":"","email":"","sameAs":""},"global_id":"schloss-bevern.de?id=598","global_id_lineage":["schloss-bevern.de?id=598"]}],"custom_fields":[],"json_ld":{"@context":"http:\/\/schema.org","@type":"Event","name":"RAUMBILDER Margret Parpart","description":"&lt;p&gt;Ausstellunger\u00f6ffnung: Sonntag, 13. April 2025 um 11 Uhr Einf\u00fchrung: Dr. Alexander Leinemann, Kunsthistoriker G\u00f6ttingen Musikalischer Rahmen: Hein Br\u00fcggen - Gitarre Solo Classic &amp; Electric Margret Parpart ist Meistersch\u00fclerin der Universit\u00e4t der K\u00fcnste Berlin, an der sie in den 1980er Jahren\u00a0 Bildhauerei studiert hat. Seit 2004 transportiert sie ihre bildhauerische Erfahrungen auf die Leinwand und erschlie\u00dft [&hellip;]&lt;\/p&gt;\\n","url":"https:\/\/schloss-bevern.de\/?tribe_events=raumbilder-margret-parpart","eventAttendanceMode":"https:\/\/schema.org\/OfflineEventAttendanceMode","eventStatus":"https:\/\/schema.org\/EventScheduled","startDate":"2025-04-13T11:00:00+02:00","endDate":"2025-06-01T11:00:00+02:00","location":{"@type":"Place","name":"Schloss Bevern","description":"&lt;p&gt;&nbsp; &nbsp; &nbsp;&lt;\/p&gt;\\n","url":"","address":{"@type":"PostalAddress"},"telephone":"","sameAs":""},"organizer":{"@type":"Person","name":"Kulturressort Landkreis Holzminden","description":"","url":"","telephone":"","email":"","sameAs":""},"performer":"Organization"}}