{"id":708,"global_id":"schloss-bevern.de?id=708","global_id_lineage":["schloss-bevern.de?id=708"],"author":"1","status":"publish","date":"2025-04-09 11:03:23","date_utc":"2025-04-09 09:03:23","modified":"2025-04-24 12:43:03","modified_utc":"2025-04-24 10:43:03","url":"https:\/\/schloss-bevern.de\/?tribe_events=708","rest_url":"https:\/\/schloss-bevern.de\/index.php?rest_route=\/tribe\/events\/v1\/events\/708","title":"Konzert &#8222;IM GARTEN&#8220; von Jean Goldenbaum","description":"<div class=\"event_details\">\n<div class=\"field_line\">\n<div class=\"field_value\">\n<h3><span style=\"font-family: garamond-lt-regular; font-size: 16px;\"><img loading=\"lazy\" decoding=\"async\" class=\"size-medium wp-image-347 alignleft\" src=\"https:\/\/schloss-bevern.de\/wp-content\/uploads\/Paula-A2-212x300.jpg\" alt=\"\" width=\"212\" height=\"300\" srcset=\"https:\/\/schloss-bevern.de\/wp-content\/uploads\/Paula-A2-212x300.jpg 212w, https:\/\/schloss-bevern.de\/wp-content\/uploads\/Paula-A2-724x1024.jpg 724w, https:\/\/schloss-bevern.de\/wp-content\/uploads\/Paula-A2-106x150.jpg 106w, https:\/\/schloss-bevern.de\/wp-content\/uploads\/Paula-A2-768x1087.jpg 768w, https:\/\/schloss-bevern.de\/wp-content\/uploads\/Paula-A2-1085x1536.jpg 1085w, https:\/\/schloss-bevern.de\/wp-content\/uploads\/Paula-A2.jpg 1252w\" sizes=\"auto, (max-width: 212px) 100vw, 212px\" \/> Konzert und F\u00fchrung am frauenORT Paula Tobias<\/span><\/h3>\n<p><span style=\"font-family: garamond-lt-regular; font-size: 16px;\"><strong>IM GARTEN. Dr. Paula Tobias gewidmet<\/strong><\/span><\/p>\n<p>&nbsp;<\/p>\n<p><span style=\"font-family: garamond-lt-regular; font-size: 16px;\"><strong>4. Mai 2025, Schlosskapelle<\/strong><\/span><\/p>\n<p><span style=\"font-family: garamond-lt-regular; font-size: 16px;\"><strong>F\u00fchrung\u00a0\u00a0\u00a0\u00a0\u00a0\u00a0\u00a0\u00a0\u00a0 10 Uhr<\/strong><\/span><\/p>\n<p><span style=\"font-family: garamond-lt-regular; font-size: 16px;\"><strong>Konzert\u00a0\u00a0\u00a0\u00a0\u00a0\u00a0\u00a0\u00a0\u00a0\u00a0 11 bis 11:30 Uhr<\/strong><\/span><\/p>\n<p><span style=\"font-family: garamond-lt-regular; font-size: 16px;\"><strong>F\u00fchrung\u00a0\u00a0\u00a0\u00a0\u00a0\u00a0\u00a0\u00a0\u00a0 11:45 Uhr<\/strong><\/span><\/p>\n<p>&nbsp;<\/p>\n<p><span style=\"font-family: garamond-lt-regular; font-size: 16px;\">F\u00fchrungen durch die Dauerausstellung <em>Paula Tobias \u2013 Erste Land\u00e4rztin im Braunschweiger Land<\/em> um 10 Uhr und um 11:45 Uhr<\/span><\/p>\n<p><span style=\"font-family: garamond-lt-regular; font-size: 16px;\">Eine \u00c4rztin ist durch ihre medizinische Dienstleistung mit den Menschen ihrer Region verbunden. Bei Dr. Paula Tobias wurde neben der Medizin das Interesse am Garten und am G\u00e4rtnern zu einem bestimmenden Lebensthema, an dem sie viele Menschen teilhaben lie\u00df. \u00a0Deshalb richtete das Kulturzentrum Schloss Bevern im Jahr 2023 das reichhaltige Themenjahr \u201eIM GARTEN. Vom Teilen, Tauschen und Schenken bei Paula Tobias\u201c aus. Der Musikwisschenschaftler und Komponist Dr. Jean Goldenbaum wurde mit einer Komposition beauftragt \u2013 und das Kammerkonzert <em>IM GARTEN. Dr. Paula Tobias gewidmet <\/em>(opus 121) im September 2023 uraufgef\u00fchrt. Das vollst\u00e4ndig aufgef\u00fchrte Werk enth\u00e4lt Rezitationen aus den autobiografischen Texten von Paula Tobias.\u00a0 Am 4. Mai wird es dagegen eine rein musikalische Kurzfassung des Konzerts geben, in Verbindung mit einer F\u00fchrung durch die Ausstellung <em>Paula Tobias \u2013 Erste Land\u00e4rztin im Braunschweiger Land<\/em>.<\/span><\/p>\n<p><span style=\"font-family: garamond-lt-regular; font-size: 16px;\"><strong>Konzert: 11 Uhr bis 11:30 Uhr. <\/strong><\/span><\/p>\n<h3><\/h3>\n<p><span style=\"font-family: garamond-lt-regular; font-size: 16px;\"><strong>F\u00fchrungen durch die Ausstellung um 10 Uhr und um 11:45 Uhr<img loading=\"lazy\" decoding=\"async\" class=\"size-full wp-image-850 alignright\" src=\"https:\/\/schloss-bevern.de\/wp-content\/uploads\/Komponist-Dr.-Jean-Goldenbaum.png\" alt=\"\" width=\"194\" height=\"192\" srcset=\"https:\/\/schloss-bevern.de\/wp-content\/uploads\/Komponist-Dr.-Jean-Goldenbaum.png 194w, https:\/\/schloss-bevern.de\/wp-content\/uploads\/Komponist-Dr.-Jean-Goldenbaum-150x148.png 150w\" sizes=\"auto, (max-width: 194px) 100vw, 194px\" \/><\/strong><\/span><\/p>\n<p>&nbsp;<\/p>\n<p><span style=\"font-family: garamond-lt-regular; font-size: 16px;\">Karten nur in Kombination von Konzert und F\u00fchrung: 15 Euro<\/span><\/p>\n<p><span style=\"font-family: garamond-lt-regular; font-size: 16px;\">Die F\u00fchrung ist frei w\u00e4hlbar.<\/span><\/p>\n<p><span style=\"font-family: garamond-lt-regular; font-size: 16px;\">Mehr Information und Karten unter Tel. (05531) 707 148<\/span><\/p>\n<\/div>\n<\/div>\n<\/div>","excerpt":"","slug":"708","image":false,"all_day":false,"start_date":"2025-05-04 10:00:00","start_date_details":{"year":"2025","month":"05","day":"04","hour":"10","minutes":"00","seconds":"00"},"end_date":"2025-05-04 13:00:00","end_date_details":{"year":"2025","month":"05","day":"04","hour":"13","minutes":"00","seconds":"00"},"utc_start_date":"2025-05-04 08:00:00","utc_start_date_details":{"year":"2025","month":"05","day":"04","hour":"08","minutes":"00","seconds":"00"},"utc_end_date":"2025-05-04 11:00:00","utc_end_date_details":{"year":"2025","month":"05","day":"04","hour":"11","minutes":"00","seconds":"00"},"timezone":"Europe\/Berlin","timezone_abbr":"CEST","cost":"15\u20ac","cost_details":{"currency_symbol":"\u20ac","currency_code":"EUR","currency_position":"suffix","values":["15"]},"website":"","show_map":false,"show_map_link":false,"hide_from_listings":false,"sticky":false,"featured":false,"categories":[{"name":"Konzert","slug":"konzert","term_group":0,"term_taxonomy_id":12,"taxonomy":"tribe_events_cat","description":"","parent":0,"count":21,"filter":"raw","id":12,"urls":{"self":"https:\/\/schloss-bevern.de\/index.php?rest_route=\/tribe\/events\/v1\/categories\/12","collection":"https:\/\/schloss-bevern.de\/index.php?rest_route=\/tribe\/events\/v1\/categories"}}],"tags":[],"venue":{"id":593,"author":"1","status":"publish","date":"2025-04-02 09:22:31","date_utc":"2025-04-02 07:22:31","modified":"2025-04-03 08:48:41","modified_utc":"2025-04-03 06:48:41","url":"https:\/\/schloss-bevern.de\/?tribe_venue=schlosskapelle","venue":"Schlosskapelle","description":"<p>&nbsp;<\/p>\n<p>&nbsp;<\/p>","slug":"schlosskapelle","json_ld":{"@type":"Place","name":"Schlosskapelle","description":"&lt;p&gt;&nbsp; &nbsp;&lt;\/p&gt;\\n","url":"","address":{"@type":"PostalAddress"},"telephone":"","sameAs":""},"show_map":false,"show_map_link":false,"global_id":"schloss-bevern.de?id=593","global_id_lineage":["schloss-bevern.de?id=593"]},"organizer":[{"id":602,"author":"1","status":"publish","date":"2025-04-02 13:10:07","date_utc":"2025-04-02 11:10:07","modified":"2025-04-02 13:10:07","modified_utc":"2025-04-02 11:10:07","url":"https:\/\/schloss-bevern.de\/?tribe_organizer=kulturzentrum-weserrenaissance-schloss-bevern","organizer":"Kulturzentrum Weserrenaissance Schloss Bevern","slug":"kulturzentrum-weserrenaissance-schloss-bevern","json_ld":{"@type":"Person","name":"Kulturzentrum Weserrenaissance Schloss Bevern","description":"","url":"","telephone":"","email":"","sameAs":""},"global_id":"schloss-bevern.de?id=602","global_id_lineage":["schloss-bevern.de?id=602"]}],"custom_fields":[],"json_ld":{"@context":"http:\/\/schema.org","@type":"Event","name":"Konzert &#8222;IM GARTEN&#8220; von Jean Goldenbaum","description":"&lt;p&gt;Konzert und F\u00fchrung am frauenORT Paula Tobias IM GARTEN. Dr. Paula Tobias gewidmet &nbsp; 4. Mai 2025, Schlosskapelle F\u00fchrung\u00a0\u00a0\u00a0\u00a0\u00a0\u00a0\u00a0\u00a0\u00a0 10 Uhr Konzert\u00a0\u00a0\u00a0\u00a0\u00a0\u00a0\u00a0\u00a0\u00a0\u00a0 11 bis 11:30 Uhr F\u00fchrung\u00a0\u00a0\u00a0\u00a0\u00a0\u00a0\u00a0\u00a0\u00a0 11:45 Uhr &nbsp; F\u00fchrungen durch die Dauerausstellung Paula Tobias \u2013 Erste Land\u00e4rztin im Braunschweiger Land um 10 Uhr und um 11:45 Uhr Eine \u00c4rztin ist durch ihre medizinische [&hellip;]&lt;\/p&gt;\\n","url":"https:\/\/schloss-bevern.de\/?tribe_events=708","eventAttendanceMode":"https:\/\/schema.org\/OfflineEventAttendanceMode","eventStatus":"https:\/\/schema.org\/EventScheduled","startDate":"2025-05-04T10:00:00+02:00","endDate":"2025-05-04T13:00:00+02:00","location":{"@type":"Place","name":"Schlosskapelle","description":"&lt;p&gt;&nbsp; &nbsp;&lt;\/p&gt;\\n","url":"","address":{"@type":"PostalAddress"},"telephone":"","sameAs":""},"organizer":{"@type":"Person","name":"Kulturzentrum Weserrenaissance Schloss Bevern","description":"","url":"","telephone":"","email":"","sameAs":""},"offers":{"@type":"Offer","price":"15","priceCurrency":"EUR","url":"https:\/\/schloss-bevern.de\/?tribe_events=708","category":"primary","availability":"inStock","validFrom":"1970-01-01T00:00:00+00:00"},"performer":"Organization"}}