{"id":737,"global_id":"schloss-bevern.de?id=737","global_id_lineage":["schloss-bevern.de?id=737"],"author":"1","status":"publish","date":"2025-04-09 11:28:12","date_utc":"2025-04-09 09:28:12","modified":"2025-04-09 11:28:12","modified_utc":"2025-04-09 09:28:12","url":"https:\/\/schloss-bevern.de\/?tribe_events=artist-in-residence","rest_url":"https:\/\/schloss-bevern.de\/index.php?rest_route=\/tribe\/events\/v1\/events\/737","title":"Artist in Residence","description":"<div class=\"event_details\">\n<div class=\"field_line\">\n<div class=\"field_value\">\n<h3><span style=\"font-family: garamond-lt-regular;\"><img loading=\"lazy\" decoding=\"async\" class=\"alignleft\" src=\"http:\/\/schloss-bevern.de\/media\/2025\/Artist_in_resi.png\" width=\"248\" height=\"100\" \/><span style=\"font-size: 18px; color: #9d113b;\">August\/September<\/span><\/span><\/h3>\n<p>&nbsp;<\/p>\n<p>&nbsp;<\/p>\n<p><span style=\"font-family: garamond-lt-regular;\">Die Foto- und Videok\u00fcnstlerin Sarai Meyron ist Artist-in-Residence 2025 und wird ihren Gastaufenthalt mit einer Ausstellung abschlie\u00dfen.<\/span><\/p>\n<p><span style=\"font-family: garamond-lt-regular;\">Informationen \u00fcber Aktionen f\u00fcr und mit Interessierten kurzfristig auf <strong> <a href=\"https:\/\/hkv-bevern.de\/\">www.hkv-bevern.de<\/a><\/strong><\/span><\/p>\n<\/div>\n<\/div>\n<\/div>","excerpt":"","slug":"artist-in-residence","image":false,"all_day":true,"start_date":"2025-08-01 00:00:00","start_date_details":{"year":"2025","month":"08","day":"01","hour":"00","minutes":"00","seconds":"00"},"end_date":"2025-09-30 23:59:59","end_date_details":{"year":"2025","month":"09","day":"30","hour":"23","minutes":"59","seconds":"59"},"utc_start_date":"2025-07-31 22:00:00","utc_start_date_details":{"year":"2025","month":"07","day":"31","hour":"22","minutes":"00","seconds":"00"},"utc_end_date":"2025-09-30 21:59:59","utc_end_date_details":{"year":"2025","month":"09","day":"30","hour":"21","minutes":"59","seconds":"59"},"timezone":"Europe\/Berlin","timezone_abbr":"CEST","cost":"","cost_details":{"currency_symbol":"\u20ac","currency_code":"EUR","currency_position":"suffix","values":[]},"website":"","show_map":false,"show_map_link":false,"hide_from_listings":false,"sticky":false,"featured":false,"categories":[],"tags":[],"venue":{"id":680,"author":"1","status":"publish","date":"2025-04-03 08:55:28","date_utc":"2025-04-03 06:55:28","modified":"2025-04-03 08:55:28","modified_utc":"2025-04-03 06:55:28","url":"https:\/\/schloss-bevern.de\/?tribe_venue=atelier-repfennig","venue":"Atelier Repfennig","slug":"atelier-repfennig","json_ld":{"@type":"Place","name":"Atelier Repfennig","description":"","url":"","address":{"@type":"PostalAddress"},"telephone":"","sameAs":""},"show_map":true,"show_map_link":true,"global_id":"schloss-bevern.de?id=680","global_id_lineage":["schloss-bevern.de?id=680"]},"organizer":[{"id":706,"author":"1","status":"publish","date":"2025-04-09 10:59:46","date_utc":"2025-04-09 08:59:46","modified":"2025-04-09 10:59:46","modified_utc":"2025-04-09 08:59:46","url":"https:\/\/schloss-bevern.de\/?tribe_organizer=kuenstleratelier","organizer":"K\u00fcnstleratelier","slug":"kuenstleratelier","json_ld":{"@type":"Person","name":"K\u00fcnstleratelier","description":"","url":"","telephone":"","email":"","sameAs":""},"global_id":"schloss-bevern.de?id=706","global_id_lineage":["schloss-bevern.de?id=706"]}],"custom_fields":[],"json_ld":{"@context":"http:\/\/schema.org","@type":"Event","name":"Artist in Residence","description":"&lt;p&gt;August\/September &nbsp; &nbsp; Die Foto- und Videok\u00fcnstlerin Sarai Meyron ist Artist-in-Residence 2025 und wird ihren Gastaufenthalt mit einer Ausstellung abschlie\u00dfen. Informationen \u00fcber Aktionen f\u00fcr und mit Interessierten kurzfristig auf www.hkv-bevern.de&lt;\/p&gt;\\n","url":"https:\/\/schloss-bevern.de\/?tribe_events=artist-in-residence","eventAttendanceMode":"https:\/\/schema.org\/OfflineEventAttendanceMode","eventStatus":"https:\/\/schema.org\/EventScheduled","startDate":"2025-08-01T00:00:00+02:00","endDate":"2025-09-30T23:59:59+02:00","location":{"@type":"Place","name":"Atelier Repfennig","description":"","url":"","address":{"@type":"PostalAddress"},"telephone":"","sameAs":""},"organizer":{"@type":"Person","name":"K\u00fcnstleratelier","description":"","url":"","telephone":"","email":"","sameAs":""},"performer":"Organization"}}