{"id":741,"global_id":"schloss-bevern.de?id=741","global_id_lineage":["schloss-bevern.de?id=741"],"author":"1","status":"publish","date":"2025-04-09 11:31:58","date_utc":"2025-04-09 09:31:58","modified":"2025-08-18 07:57:24","modified_utc":"2025-08-18 05:57:24","url":"https:\/\/schloss-bevern.de\/?tribe_events=sonderausstellung-relikte-industrieller-vergangenheit-mit-einfuehrungsvortrag","rest_url":"https:\/\/schloss-bevern.de\/index.php?rest_route=\/tribe\/events\/v1\/events\/741","title":"Sonderausstellung Relikte industrieller Vergangenheit mit Einf\u00fchrungsvortrag","description":"<div class=\"field_line\">\n<div class=\"field_value\">\n<h3><span style=\"font-family: garamond-lt-regular;\"><img loading=\"lazy\" decoding=\"async\" class=\"size-medium wp-image-972 alignleft\" src=\"https:\/\/schloss-bevern.de\/wp-content\/uploads\/Plakat_ausstellung_Relikte_Bevern_final-1-212x300.jpg\" alt=\"\" width=\"212\" height=\"300\" srcset=\"https:\/\/schloss-bevern.de\/wp-content\/uploads\/Plakat_ausstellung_Relikte_Bevern_final-1-212x300.jpg 212w, https:\/\/schloss-bevern.de\/wp-content\/uploads\/Plakat_ausstellung_Relikte_Bevern_final-1-724x1024.jpg 724w, https:\/\/schloss-bevern.de\/wp-content\/uploads\/Plakat_ausstellung_Relikte_Bevern_final-1-106x150.jpg 106w, https:\/\/schloss-bevern.de\/wp-content\/uploads\/Plakat_ausstellung_Relikte_Bevern_final-1-768x1086.jpg 768w, https:\/\/schloss-bevern.de\/wp-content\/uploads\/Plakat_ausstellung_Relikte_Bevern_final-1-1086x1536.jpg 1086w, https:\/\/schloss-bevern.de\/wp-content\/uploads\/Plakat_ausstellung_Relikte_Bevern_final-1-1448x2048.jpg 1448w, https:\/\/schloss-bevern.de\/wp-content\/uploads\/Plakat_ausstellung_Relikte_Bevern_final-1-scaled.jpg 1810w\" sizes=\"auto, (max-width: 212px) 100vw, 212px\" \/><span style=\"font-size: 18px; color: #9d113b;\">Relikte industrieller Vergangenheit<\/span><\/span><\/h3>\n<p><span style=\"font-family: garamond-lt-regular;\">Die Fotoausstellung &#8222;Relikte industrieller Vergangenheit&#8220; wurde vom Netzwerk Industriekultur Niedersachsen e. V. erstellt und macht auf die industrielle Vergangenheit unserer Region aufmerksam. 30 Schwarzwei\u00dffotos zeigen Objekte im Dreieck Hannover\u2013Hameln\u2013Hildesheim:<\/span><br \/>\n<span style=\"font-family: garamond-lt-regular;\">Verkehrsbauten, Ruinen, noch genutzte Industrieanlagen, architektonische Details &#8211; Relikte einer historisch kurzen aber dennoch wirkungsm\u00e4chtigen \u00c4ra.<\/span><\/p>\n<p><span style=\"font-family: garamond-lt-regular;\">Kostenloser Einf\u00fchrungsvortrag im Rahmen der Er\u00f6ffnung am 24. August, 11 Uhr, in der Schlosskapelle<\/span><\/p>\n<\/div>\n<\/div>","excerpt":"","slug":"sonderausstellung-relikte-industrieller-vergangenheit-mit-einfuehrungsvortrag","image":false,"all_day":false,"start_date":"2025-08-24 11:00:00","start_date_details":{"year":"2025","month":"08","day":"24","hour":"11","minutes":"00","seconds":"00"},"end_date":"2025-10-31 17:00:00","end_date_details":{"year":"2025","month":"10","day":"31","hour":"17","minutes":"00","seconds":"00"},"utc_start_date":"2025-08-24 09:00:00","utc_start_date_details":{"year":"2025","month":"08","day":"24","hour":"09","minutes":"00","seconds":"00"},"utc_end_date":"2025-10-31 16:00:00","utc_end_date_details":{"year":"2025","month":"10","day":"31","hour":"16","minutes":"00","seconds":"00"},"timezone":"Europe\/Berlin","timezone_abbr":"CEST","cost":"","cost_details":{"currency_symbol":"\u20ac","currency_code":"EUR","currency_position":"suffix","values":[]},"website":"","show_map":false,"show_map_link":false,"hide_from_listings":false,"sticky":false,"featured":false,"categories":[{"name":"Ausstellung","slug":"ausstellung","term_group":0,"term_taxonomy_id":13,"taxonomy":"tribe_events_cat","description":"","parent":0,"count":7,"filter":"raw","id":13,"urls":{"self":"https:\/\/schloss-bevern.de\/index.php?rest_route=\/tribe\/events\/v1\/categories\/13","collection":"https:\/\/schloss-bevern.de\/index.php?rest_route=\/tribe\/events\/v1\/categories"}}],"tags":[],"venue":{"id":742,"author":"1","status":"publish","date":"2025-04-09 11:31:58","date_utc":"2025-04-09 09:31:58","modified":"2025-04-09 11:31:58","modified_utc":"2025-04-09 09:31:58","url":"https:\/\/schloss-bevern.de\/?tribe_venue=schlosskapelle-ausstellungssaal","venue":"Schlosskapelle \/ Ausstellungssaal","slug":"schlosskapelle-ausstellungssaal","json_ld":{"@type":"Place","name":"Schlosskapelle \/ Ausstellungssaal","description":"","url":"","address":{"@type":"PostalAddress"},"telephone":"","sameAs":""},"show_map":true,"show_map_link":true,"global_id":"schloss-bevern.de?id=742","global_id_lineage":["schloss-bevern.de?id=742"]},"organizer":[{"id":598,"author":"1","status":"publish","date":"2025-04-02 12:56:12","date_utc":"2025-04-02 10:56:12","modified":"2025-04-02 12:56:12","modified_utc":"2025-04-02 10:56:12","url":"https:\/\/schloss-bevern.de\/?tribe_organizer=kulturressort-landkreis-holzminden","organizer":"Kulturressort Landkreis Holzminden","slug":"kulturressort-landkreis-holzminden","json_ld":{"@type":"Person","name":"Kulturressort Landkreis Holzminden","description":"","url":"","telephone":"","email":"","sameAs":""},"global_id":"schloss-bevern.de?id=598","global_id_lineage":["schloss-bevern.de?id=598"]}],"custom_fields":[],"json_ld":{"@context":"http:\/\/schema.org","@type":"Event","name":"Sonderausstellung Relikte industrieller Vergangenheit mit Einf\u00fchrungsvortrag","description":"&lt;p&gt;Relikte industrieller Vergangenheit Die Fotoausstellung &quot;Relikte industrieller Vergangenheit&quot; wurde vom Netzwerk Industriekultur Niedersachsen e. V. erstellt und macht auf die industrielle Vergangenheit unserer Region aufmerksam. 30 Schwarzwei\u00dffotos zeigen Objekte im Dreieck Hannover\u2013Hameln\u2013Hildesheim: Verkehrsbauten, Ruinen, noch genutzte Industrieanlagen, architektonische Details - Relikte einer historisch kurzen aber dennoch wirkungsm\u00e4chtigen \u00c4ra. Kostenloser Einf\u00fchrungsvortrag im Rahmen der Er\u00f6ffnung am [&hellip;]&lt;\/p&gt;\\n","url":"https:\/\/schloss-bevern.de\/?tribe_events=sonderausstellung-relikte-industrieller-vergangenheit-mit-einfuehrungsvortrag","eventAttendanceMode":"https:\/\/schema.org\/OfflineEventAttendanceMode","eventStatus":"https:\/\/schema.org\/EventScheduled","startDate":"2025-08-24T11:00:00+02:00","endDate":"2025-10-31T17:00:00+01:00","location":{"@type":"Place","name":"Schlosskapelle \/ Ausstellungssaal","description":"","url":"","address":{"@type":"PostalAddress"},"telephone":"","sameAs":""},"organizer":{"@type":"Person","name":"Kulturressort Landkreis Holzminden","description":"","url":"","telephone":"","email":"","sameAs":""},"performer":"Organization"}}