{"id":766,"global_id":"schloss-bevern.de?id=766","global_id_lineage":["schloss-bevern.de?id=766"],"author":"1","status":"publish","date":"2025-04-09 11:54:50","date_utc":"2025-04-09 09:54:50","modified":"2025-10-20 10:41:07","modified_utc":"2025-10-20 08:41:07","url":"https:\/\/schloss-bevern.de\/?tribe_events=konzert-caro-kiste-kontrabass","rest_url":"https:\/\/schloss-bevern.de\/index.php?rest_route=\/tribe\/events\/v1\/events\/766","title":"Konzert Caro Kiste Kontrabass","description":"<div class=\"event_details\">\n<div class=\"field_line\">\n<div class=\"field_value\">\n<h3><span style=\"font-family: garamond-lt-regular;\"><span style=\"font-size: 18px; color: #9d113b;\"><img loading=\"lazy\" decoding=\"async\" class=\"size-medium wp-image-1049 alignleft\" style=\"color: #333333; font-size: 16px;\" src=\"https:\/\/schloss-bevern.de\/wp-content\/uploads\/CKK_Presse_2016_2-300x200.jpg\" alt=\"\" width=\"300\" height=\"200\" srcset=\"https:\/\/schloss-bevern.de\/wp-content\/uploads\/CKK_Presse_2016_2-300x200.jpg 300w, https:\/\/schloss-bevern.de\/wp-content\/uploads\/CKK_Presse_2016_2-1024x684.jpg 1024w, https:\/\/schloss-bevern.de\/wp-content\/uploads\/CKK_Presse_2016_2-150x100.jpg 150w, https:\/\/schloss-bevern.de\/wp-content\/uploads\/CKK_Presse_2016_2-768x513.jpg 768w, https:\/\/schloss-bevern.de\/wp-content\/uploads\/CKK_Presse_2016_2-1536x1026.jpg 1536w, https:\/\/schloss-bevern.de\/wp-content\/uploads\/CKK_Presse_2016_2-2048x1368.jpg 2048w, https:\/\/schloss-bevern.de\/wp-content\/uploads\/CKK_Presse_2016_2-272x182.jpg 272w\" sizes=\"auto, (max-width: 300px) 100vw, 300px\" \/>deutschsprachige Lieder f\u00fcr Herz, Hirn und Tanzbein<\/span><\/span><\/h3>\n<p>Am Samstag, den 25. Oktober 2025, um 19 Uhr verwandelt sich die stimmungsvolle Schlosskapelle im Weserrenaissance Schloss Bevern erneut in eine B\u00fchne f\u00fcr besondere Klangerlebnisse. Zu Gast ist das mehrfach ausgezeichnete Trio Caro Kiste Kontrabass mit seinem aktuellen Programm \u201eHinter dem Horizont auf ein paar Lieder\u201c.<\/p>\n<p>Caro Wendel (Gesang, Gitarre, Ukulele), Harald Bernstein (Kontrabass) und Axel Garbelmann (Caj\u00f3n, Mandoline, Banjo &amp; Didgeridoo) bringen eine mitrei\u00dfende Mischung aus Folk, Chanson und Singer-Songwriter-Kunst auf die B\u00fchne. In ihren deutschsprachigen Liedern geht es um das pralle Leben \u2013 mal poetisch vertr\u00e4umt, mal trotzig ironisch, mal voller Melancholie und dann wieder rotzfrech gegen den Strom.<\/p>\n<p>Altbekannte Musik-Schubladen werden aufgerissen und neu zusammengen\u00e4ht \u2013 mit einem ganz eigenen Stil zwischen Tiefgang und Leichtigkeit. Caro Kiste Kontrabass wurde f\u00fcr ihr Deb\u00fctalbum bereits f\u00fcr den Preis der deutschen Schallplattenkritik nominiert und mit dem F\u00f6rderpreis der Liederbestenliste ausgezeichnet.<\/p>\n<p>Ihr aktuelles Album \u201eFahrl\u00e4ssige Poesie\u201c (2017), erfolgreich per Crowdfunding realisiert, f\u00fchrt das Publikum durch musikalisch abwechslungsreiche Klanglandschaften und textliche Originalit\u00e4t \u2013 ohne R\u00fccksicht auf Genregrenzen, aber immer mit Haltung. Da darf auch schon mal ein Didgeridoo ein Liebeslied spielen oder die Steeldrum zum musikalischen Protest ansetzen.<\/p>\n<p>Ein Konzert f\u00fcr Menschen mit offenen Ohren und Sinn f\u00fcr das Besondere.<\/p>\n<p>Tickets &amp; Informationen:<\/p>\n<p>Ort: Schlosskapelle im Weserrenaissance Schloss Bevern<\/p>\n<p>Termin: Samstag, 25. Oktober 2025<\/p>\n<p>Beginn: 19:00 Uhr<\/p>\n<p>Eintritt: 1. Kategorie 20 \u20ac, erm\u00e4\u00dfigt 17 \u20ac<\/p>\n<p>2. Kategorie 17 \u20ac, erm\u00e4\u00dfigt 15 \u20ac<\/p>\n<p>Kartenvorverkauf in der Schloss-Information<\/p>\n<p>Reservierungen: kultur@landkreis-holzminden.de<\/p>\n<p>Telefonisch: 05531 \u2013 707 140 oder 148<\/p>\n<\/div>\n<\/div>\n<\/div>","excerpt":"","slug":"konzert-caro-kiste-kontrabass","image":false,"all_day":false,"start_date":"2025-10-25 19:00:00","start_date_details":{"year":"2025","month":"10","day":"25","hour":"19","minutes":"00","seconds":"00"},"end_date":"2025-10-25 19:00:00","end_date_details":{"year":"2025","month":"10","day":"25","hour":"19","minutes":"00","seconds":"00"},"utc_start_date":"2025-10-25 17:00:00","utc_start_date_details":{"year":"2025","month":"10","day":"25","hour":"17","minutes":"00","seconds":"00"},"utc_end_date":"2025-10-25 17:00:00","utc_end_date_details":{"year":"2025","month":"10","day":"25","hour":"17","minutes":"00","seconds":"00"},"timezone":"Europe\/Berlin","timezone_abbr":"CEST","cost":"","cost_details":{"currency_symbol":"\u20ac","currency_code":"EUR","currency_position":"suffix","values":[]},"website":"","show_map":false,"show_map_link":false,"hide_from_listings":false,"sticky":false,"featured":false,"categories":[{"name":"Konzert","slug":"konzert","term_group":0,"term_taxonomy_id":12,"taxonomy":"tribe_events_cat","description":"","parent":0,"count":21,"filter":"raw","id":12,"urls":{"self":"https:\/\/schloss-bevern.de\/index.php?rest_route=\/tribe\/events\/v1\/categories\/12","collection":"https:\/\/schloss-bevern.de\/index.php?rest_route=\/tribe\/events\/v1\/categories"}}],"tags":[],"venue":{"id":593,"author":"1","status":"publish","date":"2025-04-02 09:22:31","date_utc":"2025-04-02 07:22:31","modified":"2025-04-03 08:48:41","modified_utc":"2025-04-03 06:48:41","url":"https:\/\/schloss-bevern.de\/?tribe_venue=schlosskapelle","venue":"Schlosskapelle","description":"<p>&nbsp;<\/p>\n<p>&nbsp;<\/p>","slug":"schlosskapelle","json_ld":{"@type":"Place","name":"Schlosskapelle","description":"&lt;p&gt;&nbsp; &nbsp;&lt;\/p&gt;\\n","url":"","address":{"@type":"PostalAddress"},"telephone":"","sameAs":""},"show_map":false,"show_map_link":false,"global_id":"schloss-bevern.de?id=593","global_id_lineage":["schloss-bevern.de?id=593"]},"organizer":[{"id":598,"author":"1","status":"publish","date":"2025-04-02 12:56:12","date_utc":"2025-04-02 10:56:12","modified":"2025-04-02 12:56:12","modified_utc":"2025-04-02 10:56:12","url":"https:\/\/schloss-bevern.de\/?tribe_organizer=kulturressort-landkreis-holzminden","organizer":"Kulturressort Landkreis Holzminden","slug":"kulturressort-landkreis-holzminden","json_ld":{"@type":"Person","name":"Kulturressort Landkreis Holzminden","description":"","url":"","telephone":"","email":"","sameAs":""},"global_id":"schloss-bevern.de?id=598","global_id_lineage":["schloss-bevern.de?id=598"]}],"custom_fields":[],"json_ld":{"@context":"http:\/\/schema.org","@type":"Event","name":"Konzert Caro Kiste Kontrabass","description":"&lt;p&gt;deutschsprachige Lieder f\u00fcr Herz, Hirn und Tanzbein Am Samstag, den 25. Oktober 2025, um 19 Uhr verwandelt sich die stimmungsvolle Schlosskapelle im Weserrenaissance Schloss Bevern erneut in eine B\u00fchne f\u00fcr besondere Klangerlebnisse. Zu Gast ist das mehrfach ausgezeichnete Trio Caro Kiste Kontrabass mit seinem aktuellen Programm \u201eHinter dem Horizont auf ein paar Lieder\u201c. Caro Wendel [&hellip;]&lt;\/p&gt;\\n","url":"https:\/\/schloss-bevern.de\/?tribe_events=konzert-caro-kiste-kontrabass","eventAttendanceMode":"https:\/\/schema.org\/OfflineEventAttendanceMode","eventStatus":"https:\/\/schema.org\/EventScheduled","startDate":"2025-10-25T19:00:00+02:00","endDate":"2025-10-25T19:00:00+02:00","location":{"@type":"Place","name":"Schlosskapelle","description":"&lt;p&gt;&nbsp; &nbsp;&lt;\/p&gt;\\n","url":"","address":{"@type":"PostalAddress"},"telephone":"","sameAs":""},"organizer":{"@type":"Person","name":"Kulturressort Landkreis Holzminden","description":"","url":"","telephone":"","email":"","sameAs":""},"performer":"Organization"}}